{"id":1933,"date":"2025-12-06T18:21:32","date_gmt":"2025-12-06T18:21:32","guid":{"rendered":"https:\/\/judostjust.fr\/?p=1933"},"modified":"2025-12-08T18:22:51","modified_gmt":"2025-12-08T18:22:51","slug":"championnat-interdepartemental-cadet-de-ham-le-06-12-2025","status":"publish","type":"post","link":"https:\/\/judostjust.fr\/?p=1933","title":{"rendered":"Championnat interd\u00e9partemental cadet de Ham le 06\/12\/2025"},"content":{"rendered":"\n<p>Lucas Desboutin a particip\u00e9 au Championnat interd\u00e9partemental Cadets qui s\u2019est tenu \u00e0 Ham.<\/p>\n\n\n\n<figure class=\"wp-block-gallery has-nested-images columns-default is-cropped wp-block-gallery-1 is-layout-flex wp-block-gallery-is-layout-flex\">\n<figure class=\"wp-block-image size-large\"><img loading=\"lazy\" decoding=\"async\" width=\"1024\" height=\"768\" data-id=\"1937\" src=\"https:\/\/judostjust.fr\/wp-content\/uploads\/2025\/12\/IMG_8952-1024x768.jpg\" alt=\"\" class=\"wp-image-1937\" srcset=\"https:\/\/judostjust.fr\/wp-content\/uploads\/2025\/12\/IMG_8952-1024x768.jpg 1024w, https:\/\/judostjust.fr\/wp-content\/uploads\/2025\/12\/IMG_8952-300x225.jpg 300w, https:\/\/judostjust.fr\/wp-content\/uploads\/2025\/12\/IMG_8952-768x576.jpg 768w, https:\/\/judostjust.fr\/wp-content\/uploads\/2025\/12\/IMG_8952-400x300.jpg 400w, https:\/\/judostjust.fr\/wp-content\/uploads\/2025\/12\/IMG_8952.jpg 1200w\" sizes=\"auto, (max-width: 1024px) 100vw, 1024px\" \/><\/figure>\n\n\n\n<figure class=\"wp-block-image size-large\"><img loading=\"lazy\" decoding=\"async\" width=\"1024\" height=\"576\" data-id=\"1936\" src=\"https:\/\/judostjust.fr\/wp-content\/uploads\/2025\/12\/IMG_8953-1024x576.jpg\" alt=\"\" class=\"wp-image-1936\" srcset=\"https:\/\/judostjust.fr\/wp-content\/uploads\/2025\/12\/IMG_8953-1024x576.jpg 1024w, https:\/\/judostjust.fr\/wp-content\/uploads\/2025\/12\/IMG_8953-300x169.jpg 300w, https:\/\/judostjust.fr\/wp-content\/uploads\/2025\/12\/IMG_8953-768x432.jpg 768w, https:\/\/judostjust.fr\/wp-content\/uploads\/2025\/12\/IMG_8953-500x281.jpg 500w, https:\/\/judostjust.fr\/wp-content\/uploads\/2025\/12\/IMG_8953.jpg 1078w\" sizes=\"auto, (max-width: 1024px) 100vw, 1024px\" \/><\/figure>\n\n\n\n<figure class=\"wp-block-image size-large\"><img loading=\"lazy\" decoding=\"async\" width=\"1024\" height=\"551\" data-id=\"1935\" src=\"https:\/\/judostjust.fr\/wp-content\/uploads\/2025\/12\/IMG_8954-1024x551.jpg\" alt=\"\" class=\"wp-image-1935\" srcset=\"https:\/\/judostjust.fr\/wp-content\/uploads\/2025\/12\/IMG_8954-1024x551.jpg 1024w, https:\/\/judostjust.fr\/wp-content\/uploads\/2025\/12\/IMG_8954-300x161.jpg 300w, https:\/\/judostjust.fr\/wp-content\/uploads\/2025\/12\/IMG_8954-768x413.jpg 768w, https:\/\/judostjust.fr\/wp-content\/uploads\/2025\/12\/IMG_8954-500x269.jpg 500w, https:\/\/judostjust.fr\/wp-content\/uploads\/2025\/12\/IMG_8954.jpg 1080w\" sizes=\"auto, (max-width: 1024px) 100vw, 1024px\" \/><\/figure>\n\n\n\n<figure class=\"wp-block-image size-large\"><img loading=\"lazy\" decoding=\"async\" width=\"1024\" height=\"557\" data-id=\"1934\" src=\"https:\/\/judostjust.fr\/wp-content\/uploads\/2025\/12\/IMG_8955-1024x557.jpg\" alt=\"\" class=\"wp-image-1934\" srcset=\"https:\/\/judostjust.fr\/wp-content\/uploads\/2025\/12\/IMG_8955-1024x557.jpg 1024w, https:\/\/judostjust.fr\/wp-content\/uploads\/2025\/12\/IMG_8955-300x163.jpg 300w, https:\/\/judostjust.fr\/wp-content\/uploads\/2025\/12\/IMG_8955-768x417.jpg 768w, https:\/\/judostjust.fr\/wp-content\/uploads\/2025\/12\/IMG_8955-500x272.jpg 500w, https:\/\/judostjust.fr\/wp-content\/uploads\/2025\/12\/IMG_8955.jpg 1078w\" sizes=\"auto, (max-width: 1024px) 100vw, 1024px\" \/><\/figure>\n<\/figure>\n\n\n\n<p> Il a r\u00e9alis\u00e9 un bon d\u00e9but de comp\u00e9tition en remportant ses deux premiers combats. Il s\u2019est ensuite inclin\u00e9 en huiti\u00e8me de finale.<\/p>\n\n\n\n<p class=\"has-text-align-center has-x-large-font-size\">\ud83d\udc4f\ud83d\udc4f\ud83d\udc4f<\/p>\n\n\n\n<p class=\"has-text-align-center has-medium-font-size\">F\u00e9licitations \u00e0 lui pour sa performance et son parcours !<\/p>\n","protected":false},"excerpt":{"rendered":"<p>Lucas Desboutin a particip&eacute; au Championnat interd&eacute;partemental Cadets qui s&rsquo;est tenu &agrave; Ham. Il a r&eacute;alis&eacute; un bon d&eacute;but de comp&eacute;tition en remportant ses deux premiers combats. Il s&rsquo;est ensuite inclin&eacute; en huiti&egrave;me de finale. &eth;&#159;&#145;&#143;&eth;&#159;&#145;&#143;&eth;&#159;&#145;&#143; F&eacute;licitations &agrave; lui pour &hellip; <a href=\"https:\/\/judostjust.fr\/?p=1933\">Continuer la lecture <span class=\"meta-nav\">&rarr;<\/span><\/a><\/p>\n","protected":false},"author":4,"featured_media":0,"comment_status":"open","ping_status":"open","sticky":false,"template":"","format":"standard","meta":{"_monsterinsights_skip_tracking":false,"_monsterinsights_sitenote_active":false,"_monsterinsights_sitenote_note":"","_monsterinsights_sitenote_category":0,"footnotes":""},"categories":[3],"tags":[],"class_list":["post-1933","post","type-post","status-publish","format-standard","hentry","category-cal"],"_links":{"self":[{"href":"https:\/\/judostjust.fr\/index.php?rest_route=\/wp\/v2\/posts\/1933","targetHints":{"allow":["GET"]}}],"collection":[{"href":"https:\/\/judostjust.fr\/index.php?rest_route=\/wp\/v2\/posts"}],"about":[{"href":"https:\/\/judostjust.fr\/index.php?rest_route=\/wp\/v2\/types\/post"}],"author":[{"embeddable":true,"href":"https:\/\/judostjust.fr\/index.php?rest_route=\/wp\/v2\/users\/4"}],"replies":[{"embeddable":true,"href":"https:\/\/judostjust.fr\/index.php?rest_route=%2Fwp%2Fv2%2Fcomments&post=1933"}],"version-history":[{"count":1,"href":"https:\/\/judostjust.fr\/index.php?rest_route=\/wp\/v2\/posts\/1933\/revisions"}],"predecessor-version":[{"id":1938,"href":"https:\/\/judostjust.fr\/index.php?rest_route=\/wp\/v2\/posts\/1933\/revisions\/1938"}],"wp:attachment":[{"href":"https:\/\/judostjust.fr\/index.php?rest_route=%2Fwp%2Fv2%2Fmedia&parent=1933"}],"wp:term":[{"taxonomy":"category","embeddable":true,"href":"https:\/\/judostjust.fr\/index.php?rest_route=%2Fwp%2Fv2%2Fcategories&post=1933"},{"taxonomy":"post_tag","embeddable":true,"href":"https:\/\/judostjust.fr\/index.php?rest_route=%2Fwp%2Fv2%2Ftags&post=1933"}],"curies":[{"name":"wp","href":"https:\/\/api.w.org\/{rel}","templated":true}]}}