{"id":1520,"date":"2025-09-02T21:43:05","date_gmt":"2025-09-02T21:43:05","guid":{"rendered":"https:\/\/judostjust.fr\/?p=1520"},"modified":"2025-09-02T23:05:23","modified_gmt":"2025-09-02T23:05:23","slug":"%f0%9f%a5%8breprise-des-cours-saison-2025-2026%f0%9f%a5%8b","status":"publish","type":"post","link":"https:\/\/judostjust.fr\/?p=1520","title":{"rendered":"\ud83e\udd4bReprise des cours saison 2025-2026\ud83e\udd4b"},"content":{"rendered":"\n<p>Bonjour \u00e0 toutes et \u00e0 tous,<\/p>\n\n\n\n<p>Apr\u00e8s une pause estivale bien m\u00e9rit\u00e9e, il est temps de remettre le judogi et de retrouver le tatami ! La nouvelle saison 2025-2026 de Judo s\u2019annonce riche en entra\u00eenements, en comp\u00e9titions et en moments conviviaux.<\/p>\n\n\n\n<p><\/p>\n\n\n\n<figure class=\"wp-block-video\"><video autoplay controls src=\"https:\/\/judostjust.fr\/wp-content\/uploads\/2025\/09\/judo.mp4\"><\/video><\/figure>\n\n\n\n<p><\/p>\n\n\n\n<p>Le dojo sera ouverte le mercredi 3 de 18h \u00e0 20h  afin que vous puissiez d\u00e9poser votre dossier d&rsquo;inscription.<\/p>\n\n\n\n<figure class=\"wp-block-image size-full\"><img loading=\"lazy\" decoding=\"async\" width=\"803\" height=\"534\" src=\"https:\/\/judostjust.fr\/wp-content\/uploads\/2025\/08\/image-1.png\" alt=\"\" class=\"wp-image-1523\" srcset=\"https:\/\/judostjust.fr\/wp-content\/uploads\/2025\/08\/image-1.png 803w, https:\/\/judostjust.fr\/wp-content\/uploads\/2025\/08\/image-1-300x200.png 300w, https:\/\/judostjust.fr\/wp-content\/uploads\/2025\/08\/image-1-768x511.png 768w, https:\/\/judostjust.fr\/wp-content\/uploads\/2025\/08\/image-1-150x100.png 150w\" sizes=\"auto, (max-width: 803px) 100vw, 803px\" \/><\/figure>\n\n\n\n<p>Nous vous attendons avec impatience.<\/p>\n","protected":false},"excerpt":{"rendered":"<p>Bonjour &agrave; toutes et &agrave; tous, Apr&egrave;s une pause estivale bien m&eacute;rit&eacute;e, il est temps de remettre le judogi et de retrouver le tatami ! La nouvelle saison 2025-2026 de Judo s&rsquo;annonce riche en entra&icirc;nements, en comp&eacute;titions et en moments &hellip; <a href=\"https:\/\/judostjust.fr\/?p=1520\">Continuer la lecture <span class=\"meta-nav\">&rarr;<\/span><\/a><\/p>\n","protected":false},"author":4,"featured_media":0,"comment_status":"open","ping_status":"open","sticky":false,"template":"","format":"standard","meta":{"_monsterinsights_skip_tracking":false,"_monsterinsights_sitenote_active":false,"_monsterinsights_sitenote_note":"","_monsterinsights_sitenote_category":0,"footnotes":""},"categories":[3,4],"tags":[],"class_list":["post-1520","post","type-post","status-publish","format-standard","hentry","category-cal","category-communication"],"_links":{"self":[{"href":"https:\/\/judostjust.fr\/index.php?rest_route=\/wp\/v2\/posts\/1520","targetHints":{"allow":["GET"]}}],"collection":[{"href":"https:\/\/judostjust.fr\/index.php?rest_route=\/wp\/v2\/posts"}],"about":[{"href":"https:\/\/judostjust.fr\/index.php?rest_route=\/wp\/v2\/types\/post"}],"author":[{"embeddable":true,"href":"https:\/\/judostjust.fr\/index.php?rest_route=\/wp\/v2\/users\/4"}],"replies":[{"embeddable":true,"href":"https:\/\/judostjust.fr\/index.php?rest_route=%2Fwp%2Fv2%2Fcomments&post=1520"}],"version-history":[{"count":9,"href":"https:\/\/judostjust.fr\/index.php?rest_route=\/wp\/v2\/posts\/1520\/revisions"}],"predecessor-version":[{"id":1544,"href":"https:\/\/judostjust.fr\/index.php?rest_route=\/wp\/v2\/posts\/1520\/revisions\/1544"}],"wp:attachment":[{"href":"https:\/\/judostjust.fr\/index.php?rest_route=%2Fwp%2Fv2%2Fmedia&parent=1520"}],"wp:term":[{"taxonomy":"category","embeddable":true,"href":"https:\/\/judostjust.fr\/index.php?rest_route=%2Fwp%2Fv2%2Fcategories&post=1520"},{"taxonomy":"post_tag","embeddable":true,"href":"https:\/\/judostjust.fr\/index.php?rest_route=%2Fwp%2Fv2%2Ftags&post=1520"}],"curies":[{"name":"wp","href":"https:\/\/api.w.org\/{rel}","templated":true}]}}