{"id":1361,"date":"2025-06-07T14:55:26","date_gmt":"2025-06-07T14:55:26","guid":{"rendered":"https:\/\/judostjust.fr\/?p=1361"},"modified":"2025-06-07T22:17:52","modified_gmt":"2025-06-07T22:17:52","slug":"lucas-desboutin-valide-ses-deux-derniers-uv-et-decroche-la-ceinture-noire","status":"publish","type":"post","link":"https:\/\/judostjust.fr\/?p=1361","title":{"rendered":"Lucas Desboutin valide ses deux derniers UV et d\u00e9croche la ceinture noire !"},"content":{"rendered":"\n<p>C\u2019est une journ\u00e9e marquante pour Lucas Desboutin, qui vient de franchir une \u00e9tape majeure dans son parcours martial : il a officiellement valid\u00e9 ses deux derniers UV, couronnant ainsi ses efforts par l\u2019obtention de la ceinture noire. Un remerciement tout particulier revient \u00e0 \u00c9than Descateaux, qui l\u2019a accompagn\u00e9 en tant que uke durant ces derni\u00e8res \u00e9preuves. Son implication, sa rigueur et sa disponibilit\u00e9 ont jou\u00e9 un r\u00f4le essentiel dans la r\u00e9ussite de Lucas, soulignant l\u2019importance du travail en bin\u00f4me dans les arts martiaux.<\/p>\n\n\n\n<div class=\"wp-block-group\"><div class=\"wp-block-group__inner-container is-layout-constrained wp-block-group-is-layout-constrained\">\n<div class=\"wp-block-columns is-layout-flex wp-container-core-columns-is-layout-9d6595d7 wp-block-columns-is-layout-flex\">\n<div class=\"wp-block-column is-layout-flow wp-block-column-is-layout-flow\" style=\"flex-basis:100%\">\n<figure class=\"wp-block-gallery has-nested-images columns-default is-cropped wp-block-gallery-1 is-layout-flex wp-block-gallery-is-layout-flex\">\n<figure class=\"wp-block-image size-large\"><img loading=\"lazy\" decoding=\"async\" width=\"752\" height=\"1008\" data-id=\"1366\" src=\"https:\/\/judostjust.fr\/wp-content\/uploads\/2025\/06\/image1-1.jpeg\" alt=\"\" class=\"wp-image-1366\" srcset=\"https:\/\/judostjust.fr\/wp-content\/uploads\/2025\/06\/image1-1.jpeg 752w, https:\/\/judostjust.fr\/wp-content\/uploads\/2025\/06\/image1-1-224x300.jpeg 224w, https:\/\/judostjust.fr\/wp-content\/uploads\/2025\/06\/image1-1-112x150.jpeg 112w\" sizes=\"auto, (max-width: 752px) 100vw, 752px\" \/><\/figure>\n\n\n\n<figure class=\"wp-block-image size-large\"><img loading=\"lazy\" decoding=\"async\" width=\"768\" height=\"1024\" data-id=\"1365\" src=\"https:\/\/judostjust.fr\/wp-content\/uploads\/2025\/06\/image0-1-768x1024.jpeg\" alt=\"\" class=\"wp-image-1365\" srcset=\"https:\/\/judostjust.fr\/wp-content\/uploads\/2025\/06\/image0-1-768x1024.jpeg 768w, https:\/\/judostjust.fr\/wp-content\/uploads\/2025\/06\/image0-1-225x300.jpeg 225w, https:\/\/judostjust.fr\/wp-content\/uploads\/2025\/06\/image0-1-1152x1536.jpeg 1152w, https:\/\/judostjust.fr\/wp-content\/uploads\/2025\/06\/image0-1-113x150.jpeg 113w, https:\/\/judostjust.fr\/wp-content\/uploads\/2025\/06\/image0-1.jpeg 1200w\" sizes=\"auto, (max-width: 768px) 100vw, 768px\" \/><\/figure>\n<\/figure>\n<\/div>\n<\/div>\n<\/div><\/div>\n\n\n\n<p>F\u00e9licitations \u00e0 Lucas pour cette belle r\u00e9ussite, et bravo \u00e0 \u00c9tan pour sa pr\u00e9cieuse contribution ! Ceinture noire en poche, une nouvelle aventure commence, faite de transmission, de perfectionnement et de nouveaux d\u00e9fis.<\/p>\n","protected":false},"excerpt":{"rendered":"<p>C&rsquo;est une journ&eacute;e marquante pour Lucas Desboutin, qui vient de franchir une &eacute;tape majeure dans son parcours martial : il a officiellement valid&eacute; ses deux derniers UV, couronnant ainsi ses efforts par l&rsquo;obtention de la ceinture noire. Un remerciement tout &hellip; <a href=\"https:\/\/judostjust.fr\/?p=1361\">Continuer la lecture <span class=\"meta-nav\">&rarr;<\/span><\/a><\/p>\n","protected":false},"author":4,"featured_media":0,"comment_status":"open","ping_status":"open","sticky":false,"template":"","format":"standard","meta":{"_monsterinsights_skip_tracking":false,"_monsterinsights_sitenote_active":false,"_monsterinsights_sitenote_note":"","_monsterinsights_sitenote_category":0,"footnotes":""},"categories":[6],"tags":[],"class_list":["post-1361","post","type-post","status-publish","format-standard","hentry","category-resultats"],"_links":{"self":[{"href":"https:\/\/judostjust.fr\/index.php?rest_route=\/wp\/v2\/posts\/1361","targetHints":{"allow":["GET"]}}],"collection":[{"href":"https:\/\/judostjust.fr\/index.php?rest_route=\/wp\/v2\/posts"}],"about":[{"href":"https:\/\/judostjust.fr\/index.php?rest_route=\/wp\/v2\/types\/post"}],"author":[{"embeddable":true,"href":"https:\/\/judostjust.fr\/index.php?rest_route=\/wp\/v2\/users\/4"}],"replies":[{"embeddable":true,"href":"https:\/\/judostjust.fr\/index.php?rest_route=%2Fwp%2Fv2%2Fcomments&post=1361"}],"version-history":[{"count":2,"href":"https:\/\/judostjust.fr\/index.php?rest_route=\/wp\/v2\/posts\/1361\/revisions"}],"predecessor-version":[{"id":1367,"href":"https:\/\/judostjust.fr\/index.php?rest_route=\/wp\/v2\/posts\/1361\/revisions\/1367"}],"wp:attachment":[{"href":"https:\/\/judostjust.fr\/index.php?rest_route=%2Fwp%2Fv2%2Fmedia&parent=1361"}],"wp:term":[{"taxonomy":"category","embeddable":true,"href":"https:\/\/judostjust.fr\/index.php?rest_route=%2Fwp%2Fv2%2Fcategories&post=1361"},{"taxonomy":"post_tag","embeddable":true,"href":"https:\/\/judostjust.fr\/index.php?rest_route=%2Fwp%2Fv2%2Ftags&post=1361"}],"curies":[{"name":"wp","href":"https:\/\/api.w.org\/{rel}","templated":true}]}}