{"id":1357,"date":"2025-06-07T14:30:08","date_gmt":"2025-06-07T14:30:08","guid":{"rendered":"https:\/\/judostjust.fr\/?p=1357"},"modified":"2025-06-07T14:31:20","modified_gmt":"2025-06-07T14:31:20","slug":"retour-sur-le-stage-de-self-defense-a-saint-just-en-chaussee","status":"publish","type":"post","link":"https:\/\/judostjust.fr\/?p=1357","title":{"rendered":"Retour sur le stage de self-d\u00e9fense \u00e0 Saint-Just-en-Chauss\u00e9e"},"content":{"rendered":"\n<p class=\"has-text-align-left\">Ce vendredi 7 juin, de 10h \u00e0 12h, s\u2019est tenu au dojo municipal de Saint-Just-en-Chauss\u00e9e un stage de self-d\u00e9fense anim\u00e9 par M. Andr\u00e9 Cousin, expert reconnu dans le domaine.<\/p>\n\n\n\n<p>Dans une ambiance \u00e0 la fois studieuse et conviviale, les participants ont pu d\u00e9couvrir et pratiquer des techniques simples, accessibles et efficaces pour faire face \u00e0 diff\u00e9rentes situations de danger. Gr\u00e2ce \u00e0 la p\u00e9dagogie claire et bienveillante de M. Cousin, chacun a pu progresser \u00e0 son rythme, tout en d\u00e9veloppant assurance et r\u00e9activit\u00e9.<\/p>\n\n\n\n<p>Ce stage a \u00e9t\u00e9 une belle r\u00e9ussite, alliant apprentissage, respect et esprit d\u2019entraide. Un grand merci \u00e0 M. Andr\u00e9 Cousin pour son professionnalisme, ainsi qu\u2019\u00e0 tous les participants pour leur engagement et leur enthousiasme !<\/p>\n\n\n\n<p class=\"has-text-align-left\"><img decoding=\"async\" src=\"https:\/\/fonts.gstatic.com\/s\/e\/notoemoji\/16.0\/1f44f\/72.png\" alt=\"\ud83d\udc4f\">\u00a0Une exp\u00e9rience enrichissante qui, esp\u00e9rons le, en appellera d\u2019autres !<\/p>\n\n\n\n<figure class=\"wp-block-image size-large\"><img loading=\"lazy\" decoding=\"async\" width=\"1024\" height=\"576\" src=\"https:\/\/judostjust.fr\/wp-content\/uploads\/2025\/06\/1e948a77-d1a6-438a-bbca-579cb8985829-1024x576.jpg\" alt=\"\" class=\"wp-image-1359\" srcset=\"https:\/\/judostjust.fr\/wp-content\/uploads\/2025\/06\/1e948a77-d1a6-438a-bbca-579cb8985829-1024x576.jpg 1024w, https:\/\/judostjust.fr\/wp-content\/uploads\/2025\/06\/1e948a77-d1a6-438a-bbca-579cb8985829-300x169.jpg 300w, https:\/\/judostjust.fr\/wp-content\/uploads\/2025\/06\/1e948a77-d1a6-438a-bbca-579cb8985829-768x432.jpg 768w, https:\/\/judostjust.fr\/wp-content\/uploads\/2025\/06\/1e948a77-d1a6-438a-bbca-579cb8985829-1536x864.jpg 1536w, https:\/\/judostjust.fr\/wp-content\/uploads\/2025\/06\/1e948a77-d1a6-438a-bbca-579cb8985829-150x84.jpg 150w, https:\/\/judostjust.fr\/wp-content\/uploads\/2025\/06\/1e948a77-d1a6-438a-bbca-579cb8985829.jpg 2016w\" sizes=\"auto, (max-width: 1024px) 100vw, 1024px\" \/><\/figure>\n","protected":false},"excerpt":{"rendered":"<p>Ce vendredi 7 juin, de 10h &agrave; 12h, s&rsquo;est tenu au dojo municipal de Saint-Just-en-Chauss&eacute;e un stage de self-d&eacute;fense anim&eacute; par M. Andr&eacute; Cousin, expert reconnu dans le domaine. Dans une ambiance &agrave; la fois studieuse et conviviale, les participants &hellip; <a href=\"https:\/\/judostjust.fr\/?p=1357\">Continuer la lecture <span class=\"meta-nav\">&rarr;<\/span><\/a><\/p>\n","protected":false},"author":4,"featured_media":0,"comment_status":"open","ping_status":"open","sticky":false,"template":"","format":"standard","meta":{"_monsterinsights_skip_tracking":false,"_monsterinsights_sitenote_active":false,"_monsterinsights_sitenote_note":"","_monsterinsights_sitenote_category":0,"footnotes":""},"categories":[21],"tags":[],"class_list":["post-1357","post","type-post","status-publish","format-standard","hentry","category-self-defense"],"_links":{"self":[{"href":"https:\/\/judostjust.fr\/index.php?rest_route=\/wp\/v2\/posts\/1357","targetHints":{"allow":["GET"]}}],"collection":[{"href":"https:\/\/judostjust.fr\/index.php?rest_route=\/wp\/v2\/posts"}],"about":[{"href":"https:\/\/judostjust.fr\/index.php?rest_route=\/wp\/v2\/types\/post"}],"author":[{"embeddable":true,"href":"https:\/\/judostjust.fr\/index.php?rest_route=\/wp\/v2\/users\/4"}],"replies":[{"embeddable":true,"href":"https:\/\/judostjust.fr\/index.php?rest_route=%2Fwp%2Fv2%2Fcomments&post=1357"}],"version-history":[{"count":2,"href":"https:\/\/judostjust.fr\/index.php?rest_route=\/wp\/v2\/posts\/1357\/revisions"}],"predecessor-version":[{"id":1360,"href":"https:\/\/judostjust.fr\/index.php?rest_route=\/wp\/v2\/posts\/1357\/revisions\/1360"}],"wp:attachment":[{"href":"https:\/\/judostjust.fr\/index.php?rest_route=%2Fwp%2Fv2%2Fmedia&parent=1357"}],"wp:term":[{"taxonomy":"category","embeddable":true,"href":"https:\/\/judostjust.fr\/index.php?rest_route=%2Fwp%2Fv2%2Fcategories&post=1357"},{"taxonomy":"post_tag","embeddable":true,"href":"https:\/\/judostjust.fr\/index.php?rest_route=%2Fwp%2Fv2%2Ftags&post=1357"}],"curies":[{"name":"wp","href":"https:\/\/api.w.org\/{rel}","templated":true}]}}